{"id":774,"date":"2020-03-25T17:13:21","date_gmt":"2020-03-25T16:13:21","guid":{"rendered":"https:\/\/presse.deshotelsetdesiles.com\/?p=774"},"modified":"2020-03-25T17:13:21","modified_gmt":"2020-03-25T16:13:21","slug":"la-toubana-hotel-spa-4","status":"publish","type":"post","link":"https:\/\/presse.deshotelsetdesiles.com\/en\/la-toubana-hotel-spa-4\/","title":{"rendered":"La Toubana H\u00f4tel &#038; Spa"},"content":{"rendered":"<p>\u00c7a bouge en Guadeloupe ! En septembre dernier, c \u2019est La Toubana qui mettait la derni\u00e8re main \u00e0 une vaste r\u00e9novation en accrochant une cinqui\u00e8me \u00e9toile \u00e0 son fronton.<\/p>\n<p><a class=\"lienPresse\" href=\"https:\/\/presse.deshotelsetdesiles.com\/wp-content\/uploads\/2020\/03\/LEcho_Touristique_20-23_202003312200002-1.pdf\" target=\"_blank\" rel=\"noopener\">Voir l&#8217;article<\/a><\/p>\n","protected":false},"excerpt":{"rendered":"<p>\u00c7a bouge en Guadeloupe ! En septembre dernier, c \u2019est La Toubana qui mettait la derni\u00e8re&hellip;<\/p>\n","protected":false},"author":1,"featured_media":772,"comment_status":"closed","ping_status":"closed","sticky":false,"template":"","format":"standard","meta":{"footnotes":""},"categories":[6],"tags":[],"class_list":["post-774","post","type-post","status-publish","format-standard","has-post-thumbnail","hentry","category-pro"],"translation":{"provider":"WPGlobus","version":"3.0.0","language":"en","enabled_languages":["fr","en"],"languages":{"fr":{"title":true,"content":true,"excerpt":false},"en":{"title":false,"content":false,"excerpt":false}}},"_links":{"self":[{"href":"https:\/\/presse.deshotelsetdesiles.com\/en\/wp-json\/wp\/v2\/posts\/774","targetHints":{"allow":["GET"]}}],"collection":[{"href":"https:\/\/presse.deshotelsetdesiles.com\/en\/wp-json\/wp\/v2\/posts"}],"about":[{"href":"https:\/\/presse.deshotelsetdesiles.com\/en\/wp-json\/wp\/v2\/types\/post"}],"author":[{"embeddable":true,"href":"https:\/\/presse.deshotelsetdesiles.com\/en\/wp-json\/wp\/v2\/users\/1"}],"replies":[{"embeddable":true,"href":"https:\/\/presse.deshotelsetdesiles.com\/en\/wp-json\/wp\/v2\/comments?post=774"}],"version-history":[{"count":1,"href":"https:\/\/presse.deshotelsetdesiles.com\/en\/wp-json\/wp\/v2\/posts\/774\/revisions"}],"predecessor-version":[{"id":776,"href":"https:\/\/presse.deshotelsetdesiles.com\/en\/wp-json\/wp\/v2\/posts\/774\/revisions\/776"}],"wp:featuredmedia":[{"embeddable":true,"href":"https:\/\/presse.deshotelsetdesiles.com\/en\/wp-json\/wp\/v2\/media\/772"}],"wp:attachment":[{"href":"https:\/\/presse.deshotelsetdesiles.com\/en\/wp-json\/wp\/v2\/media?parent=774"}],"wp:term":[{"taxonomy":"category","embeddable":true,"href":"https:\/\/presse.deshotelsetdesiles.com\/en\/wp-json\/wp\/v2\/categories?post=774"},{"taxonomy":"post_tag","embeddable":true,"href":"https:\/\/presse.deshotelsetdesiles.com\/en\/wp-json\/wp\/v2\/tags?post=774"}],"curies":[{"name":"wp","href":"https:\/\/api.w.org\/{rel}","templated":true}]}}